{"id":10512,"date":"2025-08-29T16:20:00","date_gmt":"2025-08-29T22:20:00","guid":{"rendered":"https:\/\/www.noticomerciodigital.com\/news\/?p=10512"},"modified":"2025-09-20T06:23:47","modified_gmt":"2025-09-20T12:23:47","slug":"recibieron-a-la-dolorosa-en-mercado-de-ropa","status":"publish","type":"post","link":"https:\/\/www.noticomerciodigital.com\/news\/2025\/08\/29\/recibieron-a-la-dolorosa-en-mercado-de-ropa\/","title":{"rendered":"RECIBIERON A LA DOLOROSA EN MERCADO DE ROPA"},"content":{"rendered":"\n<ul class=\"wp-block-list\">\n<li><strong>Fervor de clientes y locatarios<\/strong><\/li>\n<\/ul>\n\n\n\n<p class=\"wp-block-paragraph\"><strong>LE\u00d3N GTO. 29 AGOSTO 2025-.<\/strong> Comerciantes del Mercado Ex estacionamiento Comonfort, \u201cLa esquina de la moda\u201d, recibieron a la Virgen Peregrina de la Soledad y participaron en una celebraci\u00f3n eucar\u00edstica.<\/p>\n\n\n\n<p class=\"wp-block-paragraph\">Luis L\u00f3pez Torres, presidente de la Asociaci\u00f3n de comerciantes del mercado acompa\u00f1ado por miembros de su comit\u00e9 directivo y locatarios del mercado recibieron la imagen de la Madre de Jes\u00fas en su advocaci\u00f3n de Virgen Peregrina de La Soledad.<\/p>\n\n\n\n<p class=\"wp-block-paragraph\">A su vez el Padre Francisco Gerardo Alvarado Quintana ofici\u00f3 una Eucarist\u00eda de Acci\u00f3n de Gracias en la que exhort\u00f3 a los comerciantes a tener la valent\u00eda para conducirse siempre con la verdad inspir\u00e1ndose en la Sant\u00edsima Virgen y en el ejemplo de San Juan Bautista De La Salle.<\/p>\n\n\n\n<p class=\"wp-block-paragraph\">Tambi\u00e9n se or\u00f3 por los comerciantes fallecidos; adem\u00e1s se clam\u00f3 la intercesi\u00f3n de la Madre del Salvador ante las necesidades de los locatarios del mercado y sus familias.<\/p>\n\n\n\n<p class=\"wp-block-paragraph\">Al final el Padre Francisco Gerardo -titular de la Parroquia del Sagrario- imparti\u00f3 la bendici\u00f3n a todos los presentes, luego hizo lo mismo en el local de la comerciante Juana Zavala Zavala donde se coloc\u00f3 el altar ante la visita de la Virgen Peregrina.<\/p>\n\n\n\n<p class=\"wp-block-paragraph\">Por otra parte, el pastor cat\u00f3lico procedi\u00f3 a bendecir el establecimiento de Cinthia L\u00f3pez Garc\u00eda, sobre la calle Belisario Dom\u00ednguez casi frente a la ex c\u00e1rcel municipal.<\/p>\n","protected":false},"excerpt":{"rendered":"<p>LE\u00d3N GTO. 29 AGOSTO 2025-. Comerciantes del Mercado Ex estacionamiento Comonfort, \u201cLa esquina de la moda\u201d, recibieron a la Virgen Peregrina de la Soledad y participaron en una celebraci\u00f3n eucar\u00edstica. Luis L\u00f3pez Torres, presidente de la Asociaci\u00f3n de comerciantes del mercado acompa\u00f1ado por miembros de su comit\u00e9 directivo y locatarios del mercado recibieron la imagen [&hellip;]<\/p>\n","protected":false},"author":2,"featured_media":10513,"comment_status":"open","ping_status":"closed","sticky":false,"template":"","format":"standard","meta":{"_joinchat":[],"footnotes":""},"categories":[59,63,47],"tags":[],"class_list":["post-10512","post","type-post","status-publish","format-standard","has-post-thumbnail","category-leon","category-mercados","category-tradiciones"],"_links":{"self":[{"href":"https:\/\/www.noticomerciodigital.com\/news\/wp-json\/wp\/v2\/posts\/10512","targetHints":{"allow":["GET"]}}],"collection":[{"href":"https:\/\/www.noticomerciodigital.com\/news\/wp-json\/wp\/v2\/posts"}],"about":[{"href":"https:\/\/www.noticomerciodigital.com\/news\/wp-json\/wp\/v2\/types\/post"}],"author":[{"embeddable":true,"href":"https:\/\/www.noticomerciodigital.com\/news\/wp-json\/wp\/v2\/users\/2"}],"replies":[{"embeddable":true,"href":"https:\/\/www.noticomerciodigital.com\/news\/wp-json\/wp\/v2\/comments?post=10512"}],"version-history":[{"count":1,"href":"https:\/\/www.noticomerciodigital.com\/news\/wp-json\/wp\/v2\/posts\/10512\/revisions"}],"predecessor-version":[{"id":10514,"href":"https:\/\/www.noticomerciodigital.com\/news\/wp-json\/wp\/v2\/posts\/10512\/revisions\/10514"}],"wp:featuredmedia":[{"embeddable":true,"href":"https:\/\/www.noticomerciodigital.com\/news\/wp-json\/wp\/v2\/media\/10513"}],"wp:attachment":[{"href":"https:\/\/www.noticomerciodigital.com\/news\/wp-json\/wp\/v2\/media?parent=10512"}],"wp:term":[{"taxonomy":"category","embeddable":true,"href":"https:\/\/www.noticomerciodigital.com\/news\/wp-json\/wp\/v2\/categories?post=10512"},{"taxonomy":"post_tag","embeddable":true,"href":"https:\/\/www.noticomerciodigital.com\/news\/wp-json\/wp\/v2\/tags?post=10512"}],"curies":[{"name":"wp","href":"https:\/\/api.w.org\/{rel}","templated":true}]}}